{"id":1821,"date":"2025-01-27T08:45:59","date_gmt":"2025-01-27T06:45:59","guid":{"rendered":"https:\/\/motorradfreunde-raderhorst.de\/wp\/?p=1821"},"modified":"2025-05-02T17:37:22","modified_gmt":"2025-05-02T15:37:22","slug":"motorradtreffen-2025","status":"publish","type":"post","link":"https:\/\/motorradfreunde-raderhorst.de\/wp\/?p=1821","title":{"rendered":"Motorradtreffen 2025"},"content":{"rendered":"\n<div class=\"wp-block-group\"><div class=\"wp-block-group__inner-container is-layout-constrained wp-block-group-is-layout-constrained\"><\/div><\/div>\n\n\n\n<p><a href=\"https:\/\/motorradfreunde-raderhorst.de\/wp\/?robo_gallery_table=rock-in-den-mai-2025\">Fotos Rock in den Mai 2025<\/a><\/p>\n\n\n\n<p><a href=\"https:\/\/motorradfreunde-raderhorst.de\/wp\/?robo_gallery_table=motorradtreffen-raderhorst-01-05-2025\">Fotos 1.Mai 2025<\/a><\/p>\n\n\n\n<p><\/p>\n\n\n\n<figure class=\"wp-block-embed is-type-rich is-provider-handler-einbetten wp-block-embed-handler-einbetten\"><div class=\"wp-block-embed__wrapper\">\n<div style=\"width: 580px;\" class=\"wp-video\"><video class=\"wp-video-shortcode\" id=\"video-1821-1\" width=\"580\" height=\"326\" preload=\"metadata\" controls=\"controls\"><source type=\"video\/mp4\" src=\"https:\/\/motorradfreunde-raderhorst.de\/wp\/wp-content\/uploads\/2025\/04\/VID-20250430-WA0000.mp4?_=1\" \/><a href=\"https:\/\/motorradfreunde-raderhorst.de\/wp\/wp-content\/uploads\/2025\/04\/VID-20250430-WA0000.mp4\">https:\/\/motorradfreunde-raderhorst.de\/wp\/wp-content\/uploads\/2025\/04\/VID-20250430-WA0000.mp4<\/a><\/video><\/div>\n<\/div><\/figure>\n\n\n\n<p>Am 30. April und 1. Mai laden die Motorradfreunde Raderhorst wieder alle Bikerinnen und Biker aus Nah und Fern ein, um beim \u201eRock in den Mai\u201c in Raderhorst zusammen zu feiern und gemeinsam die j\u00e4hrliche Ausfahrt zu genie\u00dfen.<\/p>\n\n\n\n<p> \u201eZudem w\u00fcrden wir uns freuen, wenn auch andere Clubs, Vereine und Interessengemeinschaften wie zum Beispiel Alttraktoren sowie PKW Old- und Youngtimer die beiden Tage f\u00fcr eine Ausfahrt und das Verweilen bei uns auf dem Festplatz nutzen. Stellfl\u00e4chen sind reichlich vorhanden und alle sind willkommen! Gr\u00f6\u00dfere Gruppen k\u00f6nnen sich gern vorab melden und wir reservieren einen sch\u00f6nen Platz. In dem Zuge bieten wir allen Interessierten auch an, auf dem weitr\u00e4umigen Gel\u00e4nde der Motorradfreunde im Zelt oder Camper zu \u00fcbernachten. <\/p>\n\n\n\n<p>Waschgelegenheiten und Toiletten sind nat\u00fcrlich vorhanden\u201c, freut sich Heiko Deterding vom Organisatoren Team auf viele Besucher. Gestartet wird in diesem Jahr wieder am 30. April mit dem \u201eRock in den Mai\u201c um 21 Uhr mit der Band \u201eSanity Law\u201c im Zelt auf dem Gel\u00e4nde der Motorradfreunde Raderhorst, Zur Klanhorst 22. <\/p>\n\n\n\n<p>Der Einlass beginnt ab 19.30 Uhr. F\u00fcr Musik in den Bandpausen sowie Technik und Licht sorgt das SLM Team. Am 1. Mai geht es mit dem gemeinsamen Fr\u00fchst\u00fcck auf dem Zelt um 10 Uhr und dem anschlie\u00dfenden Motorradgottesdienst um 11 Uhr weiter. Gegen 12.30 Uhr machen sich dann die Bikerinnen und Biker auf den Weg zur gemeinsamen Ausfahrt. Ab 14 Uhr \u00f6ffnet die Cafeteria und ab 15 Uhr heizt die Band \u201ePapa Beat\u201c den Besuchern wieder kr\u00e4ftig ein.<\/p>\n\n\n\n<figure class=\"wp-block-image\"><img loading=\"lazy\" decoding=\"async\" width=\"801\" height=\"1200\" src=\"https:\/\/motorradfreunde-raderhorst.de\/wp\/wp-content\/uploads\/2024\/07\/DSC1549.jpg\" alt=\"\" class=\"wp-image-1643\" srcset=\"https:\/\/motorradfreunde-raderhorst.de\/wp\/wp-content\/uploads\/2024\/07\/DSC1549.jpg 801w, https:\/\/motorradfreunde-raderhorst.de\/wp\/wp-content\/uploads\/2024\/07\/DSC1549-200x300.jpg 200w, https:\/\/motorradfreunde-raderhorst.de\/wp\/wp-content\/uploads\/2024\/07\/DSC1549-684x1024.jpg 684w, https:\/\/motorradfreunde-raderhorst.de\/wp\/wp-content\/uploads\/2024\/07\/DSC1549-768x1151.jpg 768w\" sizes=\"auto, (max-width: 801px) 100vw, 801px\" \/><\/figure>\n\n\n<div class=\"wp-block-image\">\n<figure class=\"aligncenter size-full is-resized\"><a href=\"https:\/\/motorradfreunde-raderhorst.de\/wp\/wp-content\/uploads\/2025\/01\/Logo-SpkMILK.-200-x-200rK._k.jpg\"><img loading=\"lazy\" decoding=\"async\" width=\"708\" height=\"708\" src=\"https:\/\/motorradfreunde-raderhorst.de\/wp\/wp-content\/uploads\/2025\/01\/Logo-SpkMILK.-200-x-200rK._k.jpg\" alt=\"\" class=\"wp-image-1833\" style=\"width:349px;height:auto\" srcset=\"https:\/\/motorradfreunde-raderhorst.de\/wp\/wp-content\/uploads\/2025\/01\/Logo-SpkMILK.-200-x-200rK._k.jpg 708w, https:\/\/motorradfreunde-raderhorst.de\/wp\/wp-content\/uploads\/2025\/01\/Logo-SpkMILK.-200-x-200rK._k-300x300.jpg 300w, https:\/\/motorradfreunde-raderhorst.de\/wp\/wp-content\/uploads\/2025\/01\/Logo-SpkMILK.-200-x-200rK._k-150x150.jpg 150w\" sizes=\"auto, (max-width: 708px) 100vw, 708px\" \/><\/a><\/figure>\n<\/div>\n\n\n<figure class=\"wp-block-image size-large\"><a href=\"https:\/\/motorradfreunde-raderhorst.de\/wp\/wp-content\/uploads\/2024\/07\/PXL_20240501_145018813.MP_.jpg\"><img loading=\"lazy\" decoding=\"async\" width=\"1024\" height=\"576\" src=\"https:\/\/motorradfreunde-raderhorst.de\/wp\/wp-content\/uploads\/2024\/07\/PXL_20240501_145018813.MP_-1024x576.jpg\" alt=\"\" class=\"wp-image-1690\" srcset=\"https:\/\/motorradfreunde-raderhorst.de\/wp\/wp-content\/uploads\/2024\/07\/PXL_20240501_145018813.MP_-1024x576.jpg 1024w, https:\/\/motorradfreunde-raderhorst.de\/wp\/wp-content\/uploads\/2024\/07\/PXL_20240501_145018813.MP_-300x169.jpg 300w, https:\/\/motorradfreunde-raderhorst.de\/wp\/wp-content\/uploads\/2024\/07\/PXL_20240501_145018813.MP_-768x432.jpg 768w, https:\/\/motorradfreunde-raderhorst.de\/wp\/wp-content\/uploads\/2024\/07\/PXL_20240501_145018813.MP_.jpg 1200w\" sizes=\"auto, (max-width: 1024px) 100vw, 1024px\" \/><\/a><\/figure>\n\n\n\n<p><\/p>\n","protected":false},"excerpt":{"rendered":"<p>Fotos Rock in den Mai 2025 Fotos 1.Mai 2025 Am 30. April und 1. Mai laden die Motorradfreunde Raderhorst wieder alle Bikerinnen und Biker aus Nah und Fern ein, um beim \u201eRock in den Mai\u201c in Raderhorst zusammen zu feiern und gemeinsam die j\u00e4hrliche Ausfahrt zu genie\u00dfen. \u201eZudem w\u00fcrden wir uns freuen, wenn auch andere [&hellip;]<\/p>\n","protected":false},"author":1,"featured_media":0,"comment_status":"closed","ping_status":"","sticky":false,"template":"","format":"standard","meta":{"footnotes":""},"categories":[1],"tags":[],"class_list":["post-1821","post","type-post","status-publish","format-standard","hentry","category-allgemein"],"_links":{"self":[{"href":"https:\/\/motorradfreunde-raderhorst.de\/wp\/index.php?rest_route=\/wp\/v2\/posts\/1821","targetHints":{"allow":["GET"]}}],"collection":[{"href":"https:\/\/motorradfreunde-raderhorst.de\/wp\/index.php?rest_route=\/wp\/v2\/posts"}],"about":[{"href":"https:\/\/motorradfreunde-raderhorst.de\/wp\/index.php?rest_route=\/wp\/v2\/types\/post"}],"author":[{"embeddable":true,"href":"https:\/\/motorradfreunde-raderhorst.de\/wp\/index.php?rest_route=\/wp\/v2\/users\/1"}],"replies":[{"embeddable":true,"href":"https:\/\/motorradfreunde-raderhorst.de\/wp\/index.php?rest_route=%2Fwp%2Fv2%2Fcomments&post=1821"}],"version-history":[{"count":14,"href":"https:\/\/motorradfreunde-raderhorst.de\/wp\/index.php?rest_route=\/wp\/v2\/posts\/1821\/revisions"}],"predecessor-version":[{"id":1968,"href":"https:\/\/motorradfreunde-raderhorst.de\/wp\/index.php?rest_route=\/wp\/v2\/posts\/1821\/revisions\/1968"}],"wp:attachment":[{"href":"https:\/\/motorradfreunde-raderhorst.de\/wp\/index.php?rest_route=%2Fwp%2Fv2%2Fmedia&parent=1821"}],"wp:term":[{"taxonomy":"category","embeddable":true,"href":"https:\/\/motorradfreunde-raderhorst.de\/wp\/index.php?rest_route=%2Fwp%2Fv2%2Fcategories&post=1821"},{"taxonomy":"post_tag","embeddable":true,"href":"https:\/\/motorradfreunde-raderhorst.de\/wp\/index.php?rest_route=%2Fwp%2Fv2%2Ftags&post=1821"}],"curies":[{"name":"wp","href":"https:\/\/api.w.org\/{rel}","templated":true}]}}