{"id":34,"date":"2014-04-04T13:01:35","date_gmt":"2014-04-04T11:01:35","guid":{"rendered":"http:\/\/motorradfreunde-raderhorst.de\/wp\/?p=34"},"modified":"2014-04-04T13:17:06","modified_gmt":"2014-04-04T11:17:06","slug":"termine-2014","status":"publish","type":"post","link":"https:\/\/motorradfreunde-raderhorst.de\/wp\/?p=34","title":{"rendered":"Termine 2014"},"content":{"rendered":"<p><strong>Hier einige Motorrad- und andere Veranstaltungen 2014<\/strong><\/p>\n<p><strong>20.04. \u00a0 \u00a0 So.\u00a0\u00a0\u00a0\u00a0\u00a0ITALO-Treffen in Lahde\/Industriegebiet (Fa. Gra\u00df)<\/strong><\/p>\n<p><strong>27.04.\u00a0\u00a0\u00a0\u00a0\u00a0\u00a0\u00a0 So. \u00a0\u00a0\u00a0\u00a0\u00a0\u00a0\u00a0\u00a0\u00a0\u00a0\u00a0Superbike\u00a0 WM Assen\u00a0 (NL)<\/strong><\/p>\n<p><strong>30.04. \u00a0 \u00a0Mi.\u00a0\u00a0\u00a0\u00a0\u201cRock in den Mai\u201d\u00a0 in Raderhorst<\/strong><\/p>\n<p><strong>30.04.-03.05. Mi.-Sa.\u00a0\u00a0Dax + Monkey \u2013 Treffen in Raderhorst<\/strong><\/p>\n<p><strong>01.05. Do.\u00a0\u00a0\u00a0Motorrad- Treffen in Raderhorst\u00a0\u00a0\u00a0\u00a0 \u00a0 \u00a0 \u00a0 \u00a0 \u00a0 \u00a0<\/strong><\/p>\n<p><strong>12.-13.04.\u00a0 Sa.\/So. \u00a0Supermoto DM Harsewinkel<\/strong><\/p>\n<p><strong>29.06.\u00a0\u00a0\u00a0\u00a0\u00a0\u00a0\u00a0 So. \u00a0 \u00a0 \u00a0 \u00a0 \u00a0 \u00a0 \u00a0 \u00a0 \u00a0 IDM N\u00fcrburgring<\/strong><\/p>\n<p><strong>22.06.\u00a0\u00a0\u00a0\u00a0\u00a0\u00a0\u00a0 So. \u00a0 \u00a0 \u00a0 \u00a0 \u00a0IDM Oschersleben<\/strong><\/p>\n<p><strong>09.06.\u00a0\u00a0\u00a0\u00a0\u00a0\u00a0 Mo. (Pfingsten)\u00a0 Fischereihafen-Rennen Bremerhaven<\/strong><\/p>\n<p><strong>28.06.\u00a0\u00a0\u00a0\u00a0\u00a0\u00a0\u00a0\u00a0Sa.\u00a0\u00a0\u00a0\u00a0\u00a0\u00a0\u00a0\u00a0\u00a0\u00a0\u00a0\u00a0\u00a0Moto GP Assen (NL)<\/strong><\/p>\n<p><strong>26.06.-29.06. Do.-So.\u00a0\u00a0 Edersee-Meeting, Edertal-Hemfurth<\/strong><\/p>\n<p><strong>11.07.-13.07. Fr.-So. \u00a0 \u00a0 \u00a0Moto GP Sachsenring\u00a0\u00a0\u00a0\u00a0\u00a0\u00a0<\/strong><\/p>\n<p><strong>18.-20.07.\u00a0\u00a0\u00a0\u00a0 Fr.-So.\u00a0\u00a0\u00a0 Motobike Speed Days\u00a0\u00a0\u00a0 Flugplatz Damme<\/strong><\/p>\n<p><strong>20.07.\u00a0\u00a0\u00a0\u00a0\u00a0\u00a0\u00a0 So. IDM Schleizer Dreieck<\/strong><\/p>\n<p><strong>23.-24.08.\u00a0 Sa\/So.\u00a0\u00a0\u00a0\u00a0\u00a0\u00a0\u00a0 Langstrecken\u00a0 WM (8h)\u00a0 Oscherschleben<\/strong><\/p>\n<p><strong><\/strong><strong>15.-17.08.\u00a0\u00a0 Fr.-So.\u00a0\u00a0\u00a0\u00a0\u00a0\u00a0\u00a0Motorrad-Festival Olsberg \/ Sauerland<\/strong><\/p>\n<p><strong>16.-17.08.\u00a0\u00a0\u00a0 Sa.\/So.\u00a0\u00a0\u00a0\u00a0\u00a0 CLASSIC GP\u00a0 Schottenring\/Hessen<\/strong><\/p>\n<p><strong><\/strong><strong>16.-17.09.\u00a0 Sa.\/So.\u00a0\u00a0\u00a0\u00a0\u00a0\u00a0 Historischer Motorsport Hildesheim-Flugplatz<\/strong><\/p>\n<p><strong><\/strong><strong>Mai bis September\u00a0\u00a0\u00a0\u00a0\u00a0mittwochs Motorrad-Treffen \u201cBrocker M\u00fchle\u201dHerzebrock<\/strong><\/p>\n<p><strong>sonntags\u00a0 z.B. K\u00f6terberg, G\u00fcnter`s-Kurve Extertal-K\u00fckenbruch<\/strong><\/p>\n<p><strong><\/strong><strong>01.-05.10. Mi.-So.\u00a0\u00a0\u00a0\u00a0\u00a0\u00a0 INTERMOT\u00a0\u00a0\u00a0 K\u00f6ln-Messe \u00a0 \u00a0 \u00a0 \u00a0 \u00a0 \u00a0 \u00a0 \u00a0 \u00a0 \u00a0 \u00a0 \u00a0 \u00a0 \u00a0\u00a0<\/strong><\/p>\n<p><strong>18.10.\u00a0\u00a0\u00a0\u00a0\u00a0\u00a0\u00a0 Sa.\u00a0\u00a0\u00a0\u00a0\u00a0\u00a0\u00a0\u00a0\u00a0\u00a0\u00a0\u00a0\u00a0 Saisonabschluss-(Fahrt) in Raderhorst<\/strong><\/p>\n<p><strong>\u00a0\u00a0\u00a0\u00a0\u00a0\u00a0\u00a0\u00a0\u00a0\u00a0\u00a0\u00a0\u00a0\u00a0\u00a0\u00a0\u00a0\u00a0\u00a0\u00a0\u00a0\u00a0\u00a0\u00a0\u00a0\u00a0\u00a0\u00a0\u00a0\u00a0\u00a0\u00a0\u00a0\u00a0\u00a0\u00a0\u00a0<\/strong><\/p>\n<p><strong>\u00a0<\/strong><\/p>\n<p><strong>Bei Interesse bitte melden:<\/strong><\/p>\n<p><strong>G\u00fcnther Wahrenburg \u00a0 Tel. 05702 \/ 2517<\/strong><\/p>\n<p><strong>Hans-Hermann Lange \u00a0Tel. 05726 \/ 591<\/strong><\/p>\n","protected":false},"excerpt":{"rendered":"<p>Hier einige Motorrad- und andere Veranstaltungen 2014 20.04. \u00a0 \u00a0 So.\u00a0\u00a0\u00a0\u00a0\u00a0ITALO-Treffen in Lahde\/Industriegebiet (Fa. Gra\u00df) 27.04.\u00a0\u00a0\u00a0\u00a0\u00a0\u00a0\u00a0 So. \u00a0\u00a0\u00a0\u00a0\u00a0\u00a0\u00a0\u00a0\u00a0\u00a0\u00a0Superbike\u00a0 WM Assen\u00a0 (NL) 30.04. \u00a0 \u00a0Mi.\u00a0\u00a0\u00a0\u00a0\u201cRock in den Mai\u201d\u00a0 in Raderhorst 30.04.-03.05. Mi.-Sa.\u00a0\u00a0Dax + Monkey \u2013 Treffen in Raderhorst 01.05. Do.\u00a0\u00a0\u00a0Motorrad- Treffen in Raderhorst\u00a0\u00a0\u00a0\u00a0 \u00a0 \u00a0 \u00a0 \u00a0 \u00a0 \u00a0 12.-13.04.\u00a0 Sa.\/So. \u00a0Supermoto DM Harsewinkel 29.06.\u00a0\u00a0\u00a0\u00a0\u00a0\u00a0\u00a0 So. [&hellip;]<\/p>\n","protected":false},"author":1,"featured_media":1258,"comment_status":"open","ping_status":"open","sticky":false,"template":"","format":"standard","meta":{"footnotes":""},"categories":[1],"tags":[],"class_list":["post-34","post","type-post","status-publish","format-standard","has-post-thumbnail","hentry","category-allgemein"],"_links":{"self":[{"href":"https:\/\/motorradfreunde-raderhorst.de\/wp\/index.php?rest_route=\/wp\/v2\/posts\/34","targetHints":{"allow":["GET"]}}],"collection":[{"href":"https:\/\/motorradfreunde-raderhorst.de\/wp\/index.php?rest_route=\/wp\/v2\/posts"}],"about":[{"href":"https:\/\/motorradfreunde-raderhorst.de\/wp\/index.php?rest_route=\/wp\/v2\/types\/post"}],"author":[{"embeddable":true,"href":"https:\/\/motorradfreunde-raderhorst.de\/wp\/index.php?rest_route=\/wp\/v2\/users\/1"}],"replies":[{"embeddable":true,"href":"https:\/\/motorradfreunde-raderhorst.de\/wp\/index.php?rest_route=%2Fwp%2Fv2%2Fcomments&post=34"}],"version-history":[{"count":1,"href":"https:\/\/motorradfreunde-raderhorst.de\/wp\/index.php?rest_route=\/wp\/v2\/posts\/34\/revisions"}],"predecessor-version":[{"id":35,"href":"https:\/\/motorradfreunde-raderhorst.de\/wp\/index.php?rest_route=\/wp\/v2\/posts\/34\/revisions\/35"}],"wp:featuredmedia":[{"embeddable":true,"href":"https:\/\/motorradfreunde-raderhorst.de\/wp\/index.php?rest_route=\/wp\/v2\/media\/1258"}],"wp:attachment":[{"href":"https:\/\/motorradfreunde-raderhorst.de\/wp\/index.php?rest_route=%2Fwp%2Fv2%2Fmedia&parent=34"}],"wp:term":[{"taxonomy":"category","embeddable":true,"href":"https:\/\/motorradfreunde-raderhorst.de\/wp\/index.php?rest_route=%2Fwp%2Fv2%2Fcategories&post=34"},{"taxonomy":"post_tag","embeddable":true,"href":"https:\/\/motorradfreunde-raderhorst.de\/wp\/index.php?rest_route=%2Fwp%2Fv2%2Ftags&post=34"}],"curies":[{"name":"wp","href":"https:\/\/api.w.org\/{rel}","templated":true}]}}