{"id":635,"date":"2014-08-17T19:24:59","date_gmt":"2014-08-17T17:24:59","guid":{"rendered":"http:\/\/motorradfreunde-raderhorst.de\/wp\/?p=635"},"modified":"2014-08-18T17:43:16","modified_gmt":"2014-08-18T15:43:16","slug":"635","status":"publish","type":"post","link":"https:\/\/motorradfreunde-raderhorst.de\/wp\/?p=635","title":{"rendered":"Blasheimer Markt"},"content":{"rendered":"<p>Einladung der Motorradfreunde Raderhorst<\/p>\n<p>Am 04.09.2014 gemeinsame Ausfahrt zum Blasheimer Markt mit Bus.<\/p>\n<p>Treff: 17:00 Uhr bei Hans Hermann Lange \u00a0Zur Klanhorst 22<\/p>\n<p>Abfahrt Blasheimer Markt ca. 00:00 Uhr<\/p>\n<p>Zusagen f\u00fcr die Busfahrt bitte bis zum 30.08.2014 per E-Mail an <a href=\"mailto:bernd@bicknese.de\">bernd@bicknese.de<\/a><\/p>\n<p>Mit freundlichen Gr\u00fc\u00dfen<\/p>\n<p>Der Vorstand<\/p>\n<p><a title=\"Webseite Blasheimer Markt\" href=\"http:\/\/www.blasheimermarkt.de\/\" target=\"_blank\">Webseite Blasheimer Markt<\/a><\/p>\n","protected":false},"excerpt":{"rendered":"<p>Einladung der Motorradfreunde Raderhorst Am 04.09.2014 gemeinsame Ausfahrt zum Blasheimer Markt mit Bus. Treff: 17:00 Uhr bei Hans Hermann Lange \u00a0Zur Klanhorst 22 Abfahrt Blasheimer Markt ca. 00:00 Uhr Zusagen f\u00fcr die Busfahrt bitte bis zum 30.08.2014 per E-Mail an bernd@bicknese.de Mit freundlichen Gr\u00fc\u00dfen Der Vorstand Webseite Blasheimer Markt<\/p>\n","protected":false},"author":1,"featured_media":0,"comment_status":"closed","ping_status":"closed","sticky":false,"template":"","format":"standard","meta":{"footnotes":""},"categories":[1],"tags":[],"class_list":["post-635","post","type-post","status-publish","format-standard","hentry","category-allgemein"],"_links":{"self":[{"href":"https:\/\/motorradfreunde-raderhorst.de\/wp\/index.php?rest_route=\/wp\/v2\/posts\/635","targetHints":{"allow":["GET"]}}],"collection":[{"href":"https:\/\/motorradfreunde-raderhorst.de\/wp\/index.php?rest_route=\/wp\/v2\/posts"}],"about":[{"href":"https:\/\/motorradfreunde-raderhorst.de\/wp\/index.php?rest_route=\/wp\/v2\/types\/post"}],"author":[{"embeddable":true,"href":"https:\/\/motorradfreunde-raderhorst.de\/wp\/index.php?rest_route=\/wp\/v2\/users\/1"}],"replies":[{"embeddable":true,"href":"https:\/\/motorradfreunde-raderhorst.de\/wp\/index.php?rest_route=%2Fwp%2Fv2%2Fcomments&post=635"}],"version-history":[{"count":3,"href":"https:\/\/motorradfreunde-raderhorst.de\/wp\/index.php?rest_route=\/wp\/v2\/posts\/635\/revisions"}],"predecessor-version":[{"id":638,"href":"https:\/\/motorradfreunde-raderhorst.de\/wp\/index.php?rest_route=\/wp\/v2\/posts\/635\/revisions\/638"}],"wp:attachment":[{"href":"https:\/\/motorradfreunde-raderhorst.de\/wp\/index.php?rest_route=%2Fwp%2Fv2%2Fmedia&parent=635"}],"wp:term":[{"taxonomy":"category","embeddable":true,"href":"https:\/\/motorradfreunde-raderhorst.de\/wp\/index.php?rest_route=%2Fwp%2Fv2%2Fcategories&post=635"},{"taxonomy":"post_tag","embeddable":true,"href":"https:\/\/motorradfreunde-raderhorst.de\/wp\/index.php?rest_route=%2Fwp%2Fv2%2Ftags&post=635"}],"curies":[{"name":"wp","href":"https:\/\/api.w.org\/{rel}","templated":true}]}}